{"id":4219,"date":"2024-07-20T12:23:44","date_gmt":"2024-07-20T10:23:44","guid":{"rendered":"https:\/\/www.buchenau-lan.de\/?p=4219"},"modified":"2024-07-23T08:13:11","modified_gmt":"2024-07-23T06:13:11","slug":"anmeldestopp","status":"publish","type":"post","link":"https:\/\/www.buchenau-lan.de\/?p=4219","title":{"rendered":"Anmeldestopp"},"content":{"rendered":"\n<p>Wir haben aktuell 50 (!) Anmeldungen (Piloten) zu verzeichnen. Somit sto\u00dfen wir langsam aber sicher an unsere Grenzen. Wir haben daher beschlossen, die Anmeldeseite offline zu nehmen.<\/p>\n<p>Wer dennoch Interesse hat, m\u00f6ge bitte nicht verzagen. In den vergangenen Jahren war es stets so, dass wir kurz vor dem Event noch Absagen zu verzeichnen hatten. Sollte es also noch Interessenten geben, meldet euch \u00fcber das Kontaktformular. Wir setzen euch dann auf eine Warteliste. Wir k\u00f6nnen erst wieder neue Anmeldungen annehmen, wenn zuvor ein Pilot abgesagt hat.<\/p>\n<p>Einzige Ausnahme ist, wenn sich jemand erst ab Freitag (ab mittags) anmelden m\u00f6chte. Hier werden durch entsprechende Abreisen wieder Kapazit\u00e4ten frei. F\u00fcr den Rest der Woche sind diese leider vorerst ersch\u00f6pft.<\/p>\n<p>Die Begrenzung gilt nicht f\u00fcr G\u00e4ste, die nicht am Flugbetrieb teilnehmen. (Tages- und \u00dcbernachtungsg\u00e4ste). Bitte meldet euch \u00fcber das Kontaktformular.<\/p>\n","protected":false},"excerpt":{"rendered":"<p>Wir haben aktuell 50 (!) Anmeldungen (Piloten) zu verzeichnen. Somit sto\u00dfen wir langsam aber sicher an unsere Grenzen. Wir haben daher beschlossen, die Anmeldeseite offline zu nehmen. Wer dennoch Interesse hat, m\u00f6ge bitte nicht verzagen. In den vergangenen Jahren war es stets so, dass wir kurz vor dem Event noch Absagen zu verzeichnen hatten. Sollte [&hellip;]<\/p>\n","protected":false},"author":2,"featured_media":0,"comment_status":"closed","ping_status":"open","sticky":false,"template":"","format":"standard","meta":{"give_campaign_id":0,"footnotes":""},"categories":[1],"tags":[],"post_folder":[],"class_list":["post-4219","post","type-post","status-publish","format-standard","hentry","category-news"],"_links":{"self":[{"href":"https:\/\/www.buchenau-lan.de\/index.php?rest_route=\/wp\/v2\/posts\/4219","targetHints":{"allow":["GET"]}}],"collection":[{"href":"https:\/\/www.buchenau-lan.de\/index.php?rest_route=\/wp\/v2\/posts"}],"about":[{"href":"https:\/\/www.buchenau-lan.de\/index.php?rest_route=\/wp\/v2\/types\/post"}],"author":[{"embeddable":true,"href":"https:\/\/www.buchenau-lan.de\/index.php?rest_route=\/wp\/v2\/users\/2"}],"replies":[{"embeddable":true,"href":"https:\/\/www.buchenau-lan.de\/index.php?rest_route=%2Fwp%2Fv2%2Fcomments&post=4219"}],"version-history":[{"count":2,"href":"https:\/\/www.buchenau-lan.de\/index.php?rest_route=\/wp\/v2\/posts\/4219\/revisions"}],"predecessor-version":[{"id":4221,"href":"https:\/\/www.buchenau-lan.de\/index.php?rest_route=\/wp\/v2\/posts\/4219\/revisions\/4221"}],"wp:attachment":[{"href":"https:\/\/www.buchenau-lan.de\/index.php?rest_route=%2Fwp%2Fv2%2Fmedia&parent=4219"}],"wp:term":[{"taxonomy":"category","embeddable":true,"href":"https:\/\/www.buchenau-lan.de\/index.php?rest_route=%2Fwp%2Fv2%2Fcategories&post=4219"},{"taxonomy":"post_tag","embeddable":true,"href":"https:\/\/www.buchenau-lan.de\/index.php?rest_route=%2Fwp%2Fv2%2Ftags&post=4219"},{"taxonomy":"post_folder","embeddable":true,"href":"https:\/\/www.buchenau-lan.de\/index.php?rest_route=%2Fwp%2Fv2%2Fpost_folder&post=4219"}],"curies":[{"name":"wp","href":"https:\/\/api.w.org\/{rel}","templated":true}]}}